{"id":75266,"date":"2022-06-07T09:19:21","date_gmt":"2022-06-07T07:19:21","guid":{"rendered":"https:\/\/factorialhr.com\/blog\/?p=75266"},"modified":"2026-03-02T10:50:24","modified_gmt":"2026-03-02T08:50:24","slug":"ferie-non-godute-dimissioni-dipendenti","status":"publish","type":"post","link":"https:\/\/factorial.it\/blog\/ferie-non-godute-dimissioni-dipendenti\/","title":{"rendered":"Ferie non godute e dimissioni: tutti i dettagli del caso specifico [+ Piano Ferie]"},"content":{"rendered":"<p><span style=\"font-weight: 400;\">Hai appena ricevuto una lettera di dimissioni e ti sei accorto che il lavoratore ha ancora diversi giorni di <\/span><span style=\"font-weight: 400;\">ferie non godute<\/span><span style=\"font-weight: 400;\">. Cosa fare? <\/span><b>Come e quando vengono pagate le ferie non godute<\/b><span style=\"font-weight: 400;\"> in caso di dimissioni?\u00a0<\/span><\/p>\n<p><span style=\"font-weight: 400;\">In generale <\/span><b>le ferie non possono essere monetizzate<\/b><span style=\"font-weight: 400;\">. Non a caso un piano ferie ben strutturato permette durante l\u2019anno a tutti i lavoratori di godere delle 4 settimane previste dalla legge, <\/span><a href=\"https:\/\/www.gazzettaufficiale.it\/atto\/serie_generale\/caricaDettaglioAtto\/originario?atto.dataPubblicazioneGazzetta=2004-08-17&amp;atto.codiceRedazionale=004G0249&amp;elenco30giorni=false\" target=\"_blank\" rel=\"noopener\"><span style=\"font-weight: 400;\">decreto legislativo 19\/2004 n.213<\/span><\/a><span style=\"font-weight: 400;\">, e dal CCNL di riferimento.\u00a0<\/span><\/p>\n<p><span style=\"font-weight: 400;\">Tuttavia, poich\u00e9 le dimissioni sono un evento imprevedibile la legge ti permette di retribuirle, pagando al lavoratore l\u2019<\/span><b>indennit\u00e0 sostitutiva<\/b><span style=\"font-weight: 400;\">. In questo modo il lavoratore ha la certezza di non perdere le ferie maturate.<\/span><\/p>\n<p><span style=\"font-weight: 400;\">Tale eccezione \u00e8 valida anche qualora tu decida di licenziare il lavoratore o si arrivi alla risoluzione consensuale del rapporto.\u00a0<\/span><\/p>\n<div class=\"factorial-banner inline-banner banner-freebie category-gestione-ferie-e-permessi\"\n    data-banner-id=\"179088\"\n    data-banner-type=\"freebie\"\n    data-category=\"Gestione ferie e permessi\">\n    <div class=\"banner-content\">\n        <div class=\"banner-text\">\n                            <h4>Piano ferie 2026: modello Excel<\/h4>\n            \n                            <p>Scarica gratis il nostro esclusivo Piano Ferie in Excel 2026 per pianificare e monitorare le vacanze del tuo team con facilit\u00e0 e precisione.<\/p>\n            \n                            <a href=\"https:\/\/factorial.it\/modelli\/piano-ferie-excel\"\n                    class=\"factorial-cta-button not-prose freebie\" data-cta=\"freebie\" data-cta-position=\"inline-banner\">\n                    Scaricare gratis                <\/a>\n                    <\/div>\n\n        <div class=\"banner-image has-image\">\n            <img decoding=\"async\" src=\"https:\/\/factorialhr.com\/wp-content\/uploads\/2026\/01\/27103520\/piano-ferie-2026.png\" class=\"not-prose\" \/>\n        <\/div>\n    <\/div>\n<\/div>\n<h2><b>Gestire le dimissioni e le ferie non godute<\/b><\/h2>\n<p><iframe title=\"FERIE NON GODUTE e DIMISSIONI: come funziona il PAGAMENTO?\" width=\"500\" height=\"281\" src=\"https:\/\/www.youtube.com\/embed\/AfU2xzE6dw4?feature=oembed\" frameborder=\"0\" allow=\"accelerometer; autoplay; clipboard-write; encrypted-media; gyroscope; picture-in-picture; web-share\" referrerpolicy=\"strict-origin-when-cross-origin\" allowfullscreen><\/iframe><\/p>\n<p><span style=\"font-weight: 400;\">Gestire correttamente il <\/span><span style=\"font-weight: 400;\">tema delle ferie non godute<\/span><span style=\"font-weight: 400;\"> in caso di dimissioni del lavoratore \u00e8 di fondamentale importanza.<\/span><\/p>\n<p><span style=\"font-weight: 400;\">In primo luogo, anche quando un lavoratore decide di cambiare lavoro bisogna comunque mostrarsi leali e corretti, in secondo luogo, \u00e8 bene chiudere la questione al pi\u00f9 presto, evitando che il lavoratore, nel tentativo di recuperare il dovuto, si rivolga ad un giudice, esponendoti cos\u00ec al <\/span><b>rischio di dover risarcire eventuali danni<\/b><span style=\"font-weight: 400;\"> all\u2019ex dipendente.\u00a0<\/span><\/p>\n<p><span style=\"font-weight: 400;\">Le <\/span><b>ferie non godute<\/b><span style=\"font-weight: 400;\"> vanno indennizzate al pi\u00f9 presto e non c\u2019\u00e8 alcun modo per evitare di elargire il compenso. Il diritto a questa indennit\u00e0 sostitutiva infatti, a seconda dei casi, si prescrive dopo 5 o talvolta 10 anni.\u00a0<\/span><\/p>\n<p><span style=\"font-weight: 400;\">Per fare un esempio pratico, considerando che un lavoratore matura circa 2,33 <a href=\"https:\/\/factorial.it\/blog\/quanti-giorni-di-ferie\/\">giorni di ferie<\/a> ogni mese, alla fine del mese di giugno ha maturato circa 14 giorni di ferie che dovrai indennizzare, assumendo che non abbia:\u00a0<\/span><\/p>\n<ul>\n<li style=\"font-weight: 400;\" aria-level=\"1\"><span style=\"font-weight: 400;\">Goduto di alcun giorno di ferie durante l\u2019anno<\/span><\/li>\n<li style=\"font-weight: 400;\" aria-level=\"1\"><span style=\"font-weight: 400;\">Ferie arretrate dall\u2019anno precedente<\/span><\/li>\n<li style=\"font-weight: 400;\" aria-level=\"1\"><span style=\"font-weight: 400;\">Usufruito di permessi non retribuiti<\/span><\/li>\n<\/ul>\n<p><span style=\"font-weight: 400;\">Una volta individuato il numero di giorni di ferie non godute, non dovrai far altro che <\/span><b>calcolare l\u2019importo corretto <\/b><span style=\"font-weight: 400;\">da corrispondere. In generale il valore netto di un giorno di ferie di un lavoratore full time \u00e8 di circa 50 euro. Pertanto, tornando all\u2019esempio precedente, il totale dell&#8217;indennizzo da corrispondere \u00e8 dato da 14 moltiplicato per 50, cio\u00e8 700 euro.\u00a0<\/span><\/p>\n<div class=\"factorial-banner inline-banner banner-freebie category-gestione-ferie-e-permessi\"\n    data-banner-id=\"179088\"\n    data-banner-type=\"freebie\"\n    data-category=\"Gestione ferie e permessi\">\n    <div class=\"banner-content\">\n        <div class=\"banner-text\">\n                            <h4>Piano ferie 2026: modello Excel<\/h4>\n            \n                            <p>Scarica gratis il nostro esclusivo Piano Ferie in Excel 2026 per pianificare e monitorare le vacanze del tuo team con facilit\u00e0 e precisione.<\/p>\n            \n                            <a href=\"https:\/\/factorial.it\/modelli\/piano-ferie-excel\"\n                    class=\"factorial-cta-button not-prose freebie\" data-cta=\"freebie\" data-cta-position=\"inline-banner\">\n                    Scaricare gratis                <\/a>\n                    <\/div>\n\n        <div class=\"banner-image has-image\">\n            <img decoding=\"async\" src=\"https:\/\/factorialhr.com\/wp-content\/uploads\/2026\/01\/27103520\/piano-ferie-2026.png\" class=\"not-prose\" \/>\n        <\/div>\n    <\/div>\n<\/div>\n<h2><b>Quando vengono pagate le ferie non godute per dimissioni<\/b><\/h2>\n<p><span style=\"font-weight: 400;\">Una volta interrotto il rapporto di lavoro sia per dimissioni, sia per <\/span><a href=\"https:\/\/factorial.it\/blog\/licenziamenti-rispettare-diritti-lavoratori\/\"><span style=\"font-weight: 400;\">licenziamento<\/span><\/a><span style=\"font-weight: 400;\"> dovrai provvedere al pagamento di:\u00a0<\/span><\/p>\n<ul>\n<li style=\"font-weight: 400;\" aria-level=\"1\"><span style=\"font-weight: 400;\">Ferie non godute\u00a0<\/span><\/li>\n<li style=\"font-weight: 400;\" aria-level=\"1\"><span style=\"font-weight: 400;\">Ore di permesso retribuite non godute\u00a0<\/span><\/li>\n<li style=\"font-weight: 400;\" aria-level=\"1\"><span style=\"font-weight: 400;\">TFR\u00a0\u00a0<\/span><\/li>\n<\/ul>\n<p><span style=\"font-weight: 400;\">Eccezion fatta per il <\/span><a href=\"https:\/\/factorial.it\/blog\/tfr-in-busta-paga-dipendenti\/\"><span style=\"font-weight: 400;\">TFR<\/span><\/a><span style=\"font-weight: 400;\">, il quale dovrai pagarlo entro 30 o 45 giorni, per quanto riguarda le ferie non godute non esiste una norma specifica che impone delle tempistiche da rispettare.\u00a0<\/span><\/p>\n<p><span style=\"font-weight: 400;\">In un&#8217;ottica di <\/span><b>corretta organizzazione aziendale<\/b><span style=\"font-weight: 400;\">, buona prassi vuole che le ferie non godute vengano indennizzate in concomitanza con il <\/span><a href=\"https:\/\/factorial.it\/blog\/tassazione-tfr-come-funziona\/\"><span style=\"font-weight: 400;\">pagamento del TFR<\/span><\/a><span style=\"font-weight: 400;\">. Diversamente, il lavoratore ha tutto il diritto di preparare e inviare una lettera di sollecito al pagamento di quanto dovuto.\u00a0<\/span><\/p>\n<h2><b>Tassazione ferie non godute dimissioni<\/b><\/h2>\n<p><span style=\"font-weight: 400;\">Come funziona la <\/span><a href=\"https:\/\/factorial.it\/blog\/tassazione-ferie-non-godute\/\"><span style=\"font-weight: 400;\">tassazione delle ferie non godute<\/span><\/a><span style=\"font-weight: 400;\"> in caso di dimissioni volontarie? Il tema riguarda da vicino il responsabile delle risorse umane, il quale, generalmente, si avvale di appositi <a href=\"https:\/\/factorial.it\/hrsoftware\">software HR<\/a> per stabilire correttamente l\u2019esatto ammontare di giorni residui di ferie non fruiti dall&#8217;ormai ex dipendente.\u00a0<\/span><\/p>\n<p><span style=\"font-weight: 400;\">La <\/span><b>tassazione delle ferie non godute<\/b><span style=\"font-weight: 400;\"> \u00e8 un tema che ha visto pi\u00f9 volte coinvolti enti quali: Agenzia delle Entrate, Commissioni Tributarie Regionali e Corti di Cassazione.\u00a0<\/span><\/p>\n<p><span style=\"font-weight: 400;\">A quanto si evince, consultando le varie pronunce in merito, si pu\u00f2 concludere che qualora le ferie non godute per dimissioni abbiano una <\/span><b>natura risarcitoria<\/b><span style=\"font-weight: 400;\"> allora l\u2019importo \u00e8 <\/span><b>esente da tassazione<\/b><span style=\"font-weight: 400;\">.\u00a0<\/span><\/p>\n<p><span style=\"font-weight: 400;\">Diversamente qualora le ferie non godute siano inquadrate come un semplice corrispettivo, allora \u00e8 inevitabile applicare le relative imposte. In quest\u2019ultimo caso \u00e8 valido il principio dell\u2019onnicomprensivit\u00e0, secondo il quale l&#8217;indennizzo delle ferie non godute \u00e8 tassato come i normali giorni lavorativi.\u00a0\u00a0<\/span><\/p>\n<p><span style=\"font-weight: 400;\">Nella fattispecie trattandosi di ferie non godute per dimissioni, appare difficile pensare che l\u2019indennit\u00e0 possa essere inquadrata come risarcitoria; pertanto, all\u2019indennizzo \u00e8 applicato il normale regime fiscale previsto.\u00a0<\/span><\/p>\n<p><span style=\"font-weight: 400;\">Tuttavia, non si pu\u00f2 escludere che la tassazione possa essere considerata indebita nel particolare caso in cui le ferie non godute siano state maturate dal lavoratore anche nell\u2019anno precedente al corrente.\u00a0<\/span><\/p>\n<h2><b>Dimissioni per pensionamento e ferie non godute<\/b><\/h2>\n<p><span style=\"font-weight: 400;\">A volte pu\u00f2 succedere che un lavoratore abbia maturato sufficienti anni di lavoro e anzianit\u00e0 per andare in pensione ma dispone di diversi giorni di ferie non godute. Come comportarsi?\u00a0<\/span><\/p>\n<p><span style=\"font-weight: 400;\">Bisogna considerare quanto stabilito dalla Cassazione: sentenza n. 27206\/2017, la quale <\/span><b>obbliga il lavoratore a godere delle ferie non godute<\/b><span style=\"font-weight: 400;\"> prima di andare in pensione.\u00a0<\/span><\/p>\n<p><span style=\"font-weight: 400;\">La sentenza viene incontro alle aziende, le quali devono quindi accertarsi che il lavoratore non abbia giorni di ferie residui. Nel caso dovesse avere giorni di ferie da godere puoi obbligarlo ad andare in ferie.\u00a0<\/span><\/p>\n<p><span style=\"font-weight: 400;\">Cos\u00ec facendo il dipendente non pu\u00f2 avanzare alcuna richiesta d\u2019indennizzo. La sentenza nient\u2019altro che ribadisce quanto stabilito dalla Costituzione stessa, che autorizza i datori di lavoro a <a href=\"https:\/\/factorial.it\/blog\/gestione-delle-ferie-da-parte-del-datore-di-lavoro\/\">organizzare le ferie<\/a> e quindi a stabilire i giorni dell\u2019anno in cui i lavoratori possono assentarsi.\u00a0<\/span><\/p>\n<p><iframe style=\"border-radius: 12px;\" src=\"https:\/\/open.spotify.com\/embed\/episode\/7zViBt7YWMFSZ7CO6pcDeu?utm_source=generator\" width=\"100%\" height=\"152\" frameborder=\"0\" allowfullscreen=\"allowfullscreen\"><\/iframe><\/p>\n<h2><b>Termini di preavviso<\/b><\/h2>\n<p><span style=\"font-weight: 400;\">Quando un lavoratore decide di dimettersi \u00e8 tenuto a rispettare i termini di preavviso previsti nel contratto di lavoro. I <\/span><a href=\"https:\/\/factorial.it\/blog\/ferie-durante-il-preavviso-dipendenti\/\"><span style=\"font-weight: 400;\">giorni di preavviso<\/span><\/a><span style=\"font-weight: 400;\"> sono variabili a seconda dell\u2019inquadramento contrattuale. Tipicamente un lavoratore \u00e8 tenuto ad avvisare della sua volont\u00e0 di interrompere il rapporto di lavoro da uno a tre mesi prima.\u00a0<\/span><\/p>\n<p><span style=\"font-weight: 400;\">Non sempre per\u00f2 le cose vanno cos\u00ec. Il lavoratore, infatti, per un qualsiasi motivo potrebbe decidere di non rispettare i termini di preavviso. Cosa succede alle ferie non godute?<\/span><\/p>\n<p><span style=\"font-weight: 400;\">Dovrai comunque indennizzare al lavoratore le ferie non godute. Queste essendo un <\/span><b>diritto sancito dalla Costituzione<\/b><span style=\"font-weight: 400;\"> non sono mai perse, neanche nel caso in cui il lavoratore venga meno ai termini di preavviso.\u00a0<\/span><\/p>\n<p><span style=\"font-weight: 400;\">Per completezza d\u2019informazione ricordiamo che: il lavoratore sebbene non perda il diritto a monetizzare delle ferie non godute \u00e8 comunque tenuto a sua volta a corrispondere l\u2019indennit\u00e0 di mancato preavviso (trattenuta dello stipendio sulla busta paga).\u00a0<\/span><\/p>\n<p><span style=\"font-weight: 400;\">Questa regola \u00e8 valida in generale, infatti, l\u2019ex dipendente non deve pagare alcun indennizzo in caso di dimissioni:\u00a0<\/span><\/p>\n<ul>\n<li style=\"font-weight: 400;\" aria-level=\"1\"><span style=\"font-weight: 400;\">Incentivate\u00a0<\/span><\/li>\n<li style=\"font-weight: 400;\" aria-level=\"1\"><span style=\"font-weight: 400;\">Per giusta causa\u00a0<\/span><\/li>\n<li style=\"font-weight: 400;\" aria-level=\"1\"><span style=\"font-weight: 400;\">Per <\/span><span style=\"font-weight: 400;\">matrimonio<\/span><span style=\"font-weight: 400;\">\u00a0<\/span><\/li>\n<\/ul>\n<h2><b>Evitare la monetizzazione delle ferie non godute<\/b><\/h2>\n<p><iframe title=\"Piano ferie excel: gestisci le assenze del tuo team in due minuti\" width=\"500\" height=\"281\" src=\"https:\/\/www.youtube.com\/embed\/_g5cd1EELds?feature=oembed\" frameborder=\"0\" allow=\"accelerometer; autoplay; clipboard-write; encrypted-media; gyroscope; picture-in-picture; web-share\" referrerpolicy=\"strict-origin-when-cross-origin\" allowfullscreen><\/iframe><\/p>\n<p><span style=\"font-weight: 400;\">Elaborare un piano ferie, preferibilmente tenendo conto delle esigenze dei lavoratori, \u00e8 il modo migliore di procedere per <\/span><b>evitare richieste di monetizzazione o indennizzo<\/b><span style=\"font-weight: 400;\">. Ti ricordo che \u00e8 tuo diritto invitare il lavoratore a fruire delle ferie.<\/span><\/p>\n<p><span style=\"font-weight: 400;\">Qualora il lavoratore si rifiuti di godere delle ferie, come stabilito dalla <\/span><a href=\"https:\/\/curia.europa.eu\/jcms\/upload\/docs\/application\/pdf\/2018-11\/cp180165it.pdf\"><span style=\"font-weight: 400;\">Corte di Giustizia UE<\/span><\/a><span style=\"font-weight: 400;\">, non ha diritto ad alcun indennizzo.\u00a0<\/span><\/p>\n<p><span style=\"font-weight: 400;\">In altri termini, il diritto alle ferie o alla monetizzazione cessa di essere tale quando puoi provare di aver sollecitato il lavoratore a goderne. Nel caso della monetizzazione, il diritto viene perso perch\u00e9 la Corte ritiene illegittimo un comportamento deliberatamente volto ad aumentare il corrispettivo previsto alla fine del rapporto di lavoro.\u00a0\u00a0<\/span><\/p>\n<h2><b>Liquidazione ferie non godute e dimissioni: come comportarsi<\/b><span style=\"font-weight: 400;\">\u00a0<\/span><\/h2>\n<p><span style=\"font-weight: 400;\">Alla luce di quanto visto finora, come <\/span><a href=\"https:\/\/factorial.it\/blog\/people-manager\/\"><span style=\"font-weight: 400;\">People Manager<\/span><\/a><span style=\"font-weight: 400;\">, responsabile HR o datore di lavoro, idealmente dovresti riuscire ad evitare di liquidare le ferie non godute al lavoratore dimissionario.\u00a0<\/span><\/p>\n<p><span style=\"font-weight: 400;\">Le strade per raggiungere questo obiettivo non sono molte. Ad esempio: non puoi chiedere al lavoratore di <\/span><a href=\"https:\/\/factorial.it\/blog\/ferie-durante-il-preavviso-dipendenti\/\"><span style=\"font-weight: 400;\">godere delle ferie durante il periodo di preavviso<\/span><\/a><span style=\"font-weight: 400;\">. Cos\u00ec facendo infatti si estende anche la data prevista di fine rapporto.\u00a0\u00a0<\/span><\/p>\n<p><span style=\"font-weight: 400;\">Qual \u00e8 quindi il miglior modo di procedere? In un\u2019ottica di perfetta organizzazione e gestione delle risorse umane, le dimissioni del lavoratore non dovrebbero coglierti di sorpresa. Al di l\u00e0 di quanto previsto formalmente, nella prassi un lavoratore riconoscente e leale tende ad avvisare verbalmente il reparto HR o il datore di lavoro riguardo le proprie intenzioni.\u00a0<\/span><\/p>\n<p><span style=\"font-weight: 400;\">Sapere che il lavoratore ha intenzione di dimettersi<\/span><b> prima che avvii la procedura di dimissioni online<\/b><span style=\"font-weight: 400;\">, permette di organizzare al meglio la faccenda, preferibilmente evitando che rimangano giorni di ferie non goduti.\u00a0<\/span><\/p>\n<p><span style=\"font-weight: 400;\">Ancora una volta, ribadiamo l\u2019importanza di monitorare costantemente la situazione del lavoratore in azienda, registrando:\u00a0<\/span><\/p>\n<ul>\n<li style=\"font-weight: 400;\" aria-level=\"1\"><span style=\"font-weight: 400;\">Ferie maturate<\/span><span style=\"font-weight: 400;\">\u00a0<\/span><\/li>\n<li style=\"font-weight: 400;\" aria-level=\"1\"><span style=\"font-weight: 400;\">Ferie godute\u00a0<\/span><\/li>\n<li style=\"font-weight: 400;\" aria-level=\"1\"><a href=\"https:\/\/factorial.it\/blog\/permessi-di-lavoro-modulo-gratis\/\"><span style=\"font-weight: 400;\">Permessi retribuiti<\/span><\/a><span style=\"font-weight: 400;\">\u00a0<\/span><\/li>\n<li style=\"font-weight: 400;\" aria-level=\"1\"><span style=\"font-weight: 400;\">Assenze\u00a0<\/span><\/li>\n<\/ul>\n<p><span style=\"font-weight: 400;\">Cos\u00ec facendo non solo garantirai a tutti i lavoratori di godere del diritto alle ferie ma i lavoratori stessi, sentendosi tutelati sotto ogni aspetto, si dimostreranno pi\u00f9 leali, sinceri e disponibili nei tuoi confronti.\u00a0\u00a0<\/span><\/p>\n<div class=\"factorial-banner inline-banner banner-freebie category-gestione-ferie-e-permessi\"\n    data-banner-id=\"179088\"\n    data-banner-type=\"freebie\"\n    data-category=\"Gestione ferie e permessi\">\n    <div class=\"banner-content\">\n        <div class=\"banner-text\">\n                            <h4>Piano ferie 2026: modello Excel<\/h4>\n            \n                            <p>Scarica gratis il nostro esclusivo Piano Ferie in Excel 2026 per pianificare e monitorare le vacanze del tuo team con facilit\u00e0 e precisione.<\/p>\n            \n                            <a href=\"https:\/\/factorial.it\/modelli\/piano-ferie-excel\"\n                    class=\"factorial-cta-button not-prose freebie\" data-cta=\"freebie\" data-cta-position=\"inline-banner\">\n                    Scaricare gratis                <\/a>\n                    <\/div>\n\n        <div class=\"banner-image has-image\">\n            <img decoding=\"async\" src=\"https:\/\/factorialhr.com\/wp-content\/uploads\/2026\/01\/27103520\/piano-ferie-2026.png\" class=\"not-prose\" \/>\n        <\/div>\n    <\/div>\n<\/div>\n<h2><b>Conclusioni<\/b><\/h2>\n<p><span style=\"font-weight: 400;\">In questo articolo abbiamo affrontato un tema importante e delicato: come gestire le ferie non godute in caso di dimissioni del lavoratore.\u00a0<\/span><\/p>\n<p><span style=\"font-weight: 400;\">Nonostante sia possibile per il lavoratore ottenere l\u2019indennizzo, si \u00e8 comunque voluto evidenziare l\u2019importanza di una corretta gestione aziendale e di <\/span><b>politiche volte al benessere dei dipendenti.<\/b><\/p>\n<p><span style=\"font-weight: 400;\">Queste due attenzioni, infatti, garantiscono di gestire al meglio ogni aspetto relativo alla vita del lavoratore in azienda evitando spiacevoli episodi, malumori e possibili contenziosi con il personale.\u00a0<\/span><\/p>\n<p><iframe title=\"Gestione Ferie e Permessi: gestisci ed approva le assenze in pochi semplici click con Factorial HR\" width=\"500\" height=\"281\" src=\"https:\/\/www.youtube.com\/embed\/-kvibqq7x5Q?feature=oembed\" frameborder=\"0\" allow=\"accelerometer; autoplay; clipboard-write; encrypted-media; gyroscope; picture-in-picture; web-share\" referrerpolicy=\"strict-origin-when-cross-origin\" allowfullscreen><\/iframe><\/p>\n","protected":false},"excerpt":{"rendered":"<p>Hai appena ricevuto una lettera di dimissioni e ti sei accorto che il lavoratore ha ancora diversi giorni di ferie non godute. Cosa fare? Come e quando vengono pagate le ferie non godute in caso di dimissioni?\u00a0 In generale le ferie non possono essere monetizzate. Non a caso un piano ferie ben strutturato permette durante<a href=\"https:\/\/factorial.it\/blog\/ferie-non-godute-dimissioni-dipendenti\/\" class=\"read-more\"> [&#8230;]<\/a><\/p>\n","protected":false},"author":85,"featured_media":75268,"comment_status":"closed","ping_status":"closed","sticky":false,"template":"","format":"standard","meta":{"_acf_changed":false,"footnotes":""},"categories":[405],"tags":[],"class_list":["post-75266","post","type-post","status-publish","format-standard","has-post-thumbnail","hentry","category-gestione-ferie"],"acf":{"topics":"time-off"},"yoast_head":"<!-- This site is optimized with the Yoast SEO Premium plugin v21.5 (Yoast SEO v21.9.1) - https:\/\/yoast.com\/wordpress\/plugins\/seo\/ -->\n<title>Ferie non godute dimissioni: tutti i dettagli del caso specifico<\/title>\n<meta name=\"description\" content=\"Come funziona con le ferie non godute in caso di dimissioni? Scopri qui che fare quando ricevi una lettera di dimissioni con ferie non godute.\" \/>\n<meta name=\"robots\" content=\"index, follow, max-snippet:-1, max-image-preview:large, max-video-preview:-1\" \/>\n<link rel=\"canonical\" href=\"https:\/\/factorial.it\/blog\/ferie-non-godute-dimissioni-dipendenti\/\" \/>\n<meta property=\"og:locale\" content=\"it_IT\" \/>\n<meta property=\"og:type\" content=\"article\" \/>\n<meta property=\"og:title\" content=\"Ferie non godute e dimissioni: tutti i dettagli del caso specifico [+ Piano Ferie]\" \/>\n<meta property=\"og:description\" content=\"Come funziona con le ferie non godute in caso di dimissioni? Scopri qui che fare quando ricevi una lettera di dimissioni con ferie non godute.\" \/>\n<meta property=\"og:url\" content=\"https:\/\/factorial.it\/blog\/ferie-non-godute-dimissioni-dipendenti\/\" \/>\n<meta property=\"og:site_name\" content=\"Factorial\" \/>\n<meta property=\"article:publisher\" content=\"https:\/\/www.facebook.com\/people\/Factorial\/100064908455810\/\" \/>\n<meta property=\"article:published_time\" content=\"2022-06-07T07:19:21+00:00\" \/>\n<meta property=\"article:modified_time\" content=\"2026-03-02T08:50:24+00:00\" \/>\n<meta property=\"og:image\" content=\"https:\/\/factorial.it\/wp-content\/uploads\/2022\/06\/03122252\/ferie-non-godute-dimissioni.jpg\" \/>\n\t<meta property=\"og:image:width\" content=\"1112\" \/>\n\t<meta property=\"og:image:height\" content=\"625\" \/>\n\t<meta property=\"og:image:type\" content=\"image\/jpeg\" \/>\n<meta name=\"author\" content=\"Isotta Pieraccini\" \/>\n<meta name=\"twitter:card\" content=\"summary_large_image\" \/>\n<meta name=\"twitter:creator\" content=\"@factorialapp\" \/>\n<meta name=\"twitter:site\" content=\"@factorialapp\" \/>\n<meta name=\"twitter:label1\" content=\"Written by\" \/>\n\t<meta name=\"twitter:data1\" content=\"Isotta Pieraccini\" \/>\n\t<meta name=\"twitter:label2\" content=\"Est. reading time\" \/>\n\t<meta name=\"twitter:data2\" content=\"8 minuti\" \/>\n<script type=\"application\/ld+json\" class=\"yoast-schema-graph\">{\"@context\":\"https:\/\/schema.org\",\"@graph\":[{\"@type\":\"Article\",\"@id\":\"https:\/\/factorial.it\/blog\/ferie-non-godute-dimissioni-dipendenti\/#article\",\"isPartOf\":{\"@id\":\"https:\/\/factorial.it\/blog\/ferie-non-godute-dimissioni-dipendenti\/\"},\"author\":{\"name\":\"Isotta Pieraccini\",\"@id\":\"https:\/\/factorial.it\/blog\/#\/schema\/person\/ac8471f0a6f58cb4b97865bbf73db299\"},\"headline\":\"Ferie non godute e dimissioni: tutti i dettagli del caso specifico [+ Piano Ferie]\",\"datePublished\":\"2022-06-07T07:19:21+00:00\",\"dateModified\":\"2026-03-02T08:50:24+00:00\",\"mainEntityOfPage\":{\"@id\":\"https:\/\/factorial.it\/blog\/ferie-non-godute-dimissioni-dipendenti\/\"},\"wordCount\":1469,\"publisher\":{\"@id\":\"https:\/\/factorial.it\/blog\/#organization\"},\"articleSection\":[\"Gestione ferie e permessi\"],\"inLanguage\":\"it-IT\"},{\"@type\":\"WebPage\",\"@id\":\"https:\/\/factorial.it\/blog\/ferie-non-godute-dimissioni-dipendenti\/\",\"url\":\"https:\/\/factorial.it\/blog\/ferie-non-godute-dimissioni-dipendenti\/\",\"name\":\"Ferie non godute dimissioni: tutti i dettagli del caso specifico\",\"isPartOf\":{\"@id\":\"https:\/\/factorial.it\/blog\/#website\"},\"datePublished\":\"2022-06-07T07:19:21+00:00\",\"dateModified\":\"2026-03-02T08:50:24+00:00\",\"description\":\"Come funziona con le ferie non godute in caso di dimissioni? Scopri qui che fare quando ricevi una lettera di dimissioni con ferie non godute.\",\"inLanguage\":\"it-IT\",\"potentialAction\":[{\"@type\":\"ReadAction\",\"target\":[\"https:\/\/factorial.it\/blog\/ferie-non-godute-dimissioni-dipendenti\/\"]}]},{\"@type\":\"WebSite\",\"@id\":\"https:\/\/factorial.it\/blog\/#website\",\"url\":\"https:\/\/factorial.it\/blog\/\",\"name\":\"Factorial\",\"description\":\"\",\"publisher\":{\"@id\":\"https:\/\/factorial.it\/blog\/#organization\"},\"potentialAction\":[{\"@type\":\"SearchAction\",\"target\":{\"@type\":\"EntryPoint\",\"urlTemplate\":\"https:\/\/factorial.it\/blog\/?s={search_term_string}\"},\"query-input\":\"required name=search_term_string\"}],\"inLanguage\":\"it-IT\"},{\"@type\":\"Organization\",\"@id\":\"https:\/\/factorial.it\/blog\/#organization\",\"name\":\"All-in-one business management software - Factorial\",\"url\":\"https:\/\/factorial.it\/blog\/\",\"logo\":{\"@type\":\"ImageObject\",\"inLanguage\":\"it-IT\",\"@id\":\"https:\/\/factorial.it\/blog\/#\/schema\/logo\/image\/\",\"url\":\"https:\/\/factorial.it\/wp-content\/uploads\/2023\/07\/18155144\/factorial-logo.png\",\"contentUrl\":\"https:\/\/factorial.it\/wp-content\/uploads\/2023\/07\/18155144\/factorial-logo.png\",\"width\":946,\"height\":880,\"caption\":\"All-in-one business management software - Factorial\"},\"image\":{\"@id\":\"https:\/\/factorial.it\/blog\/#\/schema\/logo\/image\/\"},\"sameAs\":[\"https:\/\/www.facebook.com\/people\/Factorial\/100064908455810\/\",\"https:\/\/twitter.com\/factorialapp\",\"https:\/\/www.linkedin.com\/company\/factorialhr\",\"https:\/\/www.youtube.com\/@factorialmedia\",\"https:\/\/www.instagram.com\/factorial\/#\"]},{\"@type\":\"Person\",\"@id\":\"https:\/\/factorial.it\/blog\/#\/schema\/person\/ac8471f0a6f58cb4b97865bbf73db299\",\"name\":\"Isotta Pieraccini\",\"image\":{\"@type\":\"ImageObject\",\"inLanguage\":\"it-IT\",\"@id\":\"https:\/\/factorial.it\/blog\/#\/schema\/person\/image\/\",\"url\":\"https:\/\/secure.gravatar.com\/avatar\/cfb1dbcf8432f8cf3beccc764cf5131f?s=96&d=identicon&r=g\",\"contentUrl\":\"https:\/\/secure.gravatar.com\/avatar\/cfb1dbcf8432f8cf3beccc764cf5131f?s=96&d=identicon&r=g\",\"caption\":\"Isotta Pieraccini\"},\"description\":\"Nata a Firenze e laureata in Scienze Politiche (in particolare Comunicazione e Giornalismo) all\u2019Universit\u00e0 di Firenze. In Italia ha lavorato come giornalista ed ha collaborato con diversi siti web dedicati al mondo dell\u2019attualit\u00e0. Adesso vive a Barcellona ed \u00e8 Content Marketing Specialist in Factorial e si occupa della creazione dei contenuti del mercato italiano. Il suo obiettivo \u00e8 dare supporto, ispirazione e strumenti per far conoscere il mondo delle Risorse Umane e far crescere la community HR. Ama l\u2019avventura, la natura, viaggiare e giocare a pallavolo.\",\"sameAs\":[\"https:\/\/www.linkedin.com\/in\/isotta-pieraccini\/\"],\"url\":\"https:\/\/factorial.it\/blog\/author\/isotta-pieraccini\/\"}]}<\/script>\n<!-- \/ Yoast SEO Premium plugin. -->","yoast_head_json":{"title":"Ferie non godute dimissioni: tutti i dettagli del caso specifico","description":"Come funziona con le ferie non godute in caso di dimissioni? Scopri qui che fare quando ricevi una lettera di dimissioni con ferie non godute.","robots":{"index":"index","follow":"follow","max-snippet":"max-snippet:-1","max-image-preview":"max-image-preview:large","max-video-preview":"max-video-preview:-1"},"canonical":"https:\/\/factorial.it\/blog\/ferie-non-godute-dimissioni-dipendenti\/","og_locale":"it_IT","og_type":"article","og_title":"Ferie non godute e dimissioni: tutti i dettagli del caso specifico [+ Piano Ferie]","og_description":"Come funziona con le ferie non godute in caso di dimissioni? Scopri qui che fare quando ricevi una lettera di dimissioni con ferie non godute.","og_url":"https:\/\/factorial.it\/blog\/ferie-non-godute-dimissioni-dipendenti\/","og_site_name":"Factorial","article_publisher":"https:\/\/www.facebook.com\/people\/Factorial\/100064908455810\/","article_published_time":"2022-06-07T07:19:21+00:00","article_modified_time":"2026-03-02T08:50:24+00:00","og_image":[{"width":1112,"height":625,"url":"https:\/\/factorial.it\/wp-content\/uploads\/2022\/06\/03122252\/ferie-non-godute-dimissioni.jpg","type":"image\/jpeg"}],"author":"Isotta Pieraccini","twitter_card":"summary_large_image","twitter_creator":"@factorialapp","twitter_site":"@factorialapp","twitter_misc":{"Written by":"Isotta Pieraccini","Est. reading time":"8 minuti"},"schema":{"@context":"https:\/\/schema.org","@graph":[{"@type":"Article","@id":"https:\/\/factorial.it\/blog\/ferie-non-godute-dimissioni-dipendenti\/#article","isPartOf":{"@id":"https:\/\/factorial.it\/blog\/ferie-non-godute-dimissioni-dipendenti\/"},"author":{"name":"Isotta Pieraccini","@id":"https:\/\/factorial.it\/blog\/#\/schema\/person\/ac8471f0a6f58cb4b97865bbf73db299"},"headline":"Ferie non godute e dimissioni: tutti i dettagli del caso specifico [+ Piano Ferie]","datePublished":"2022-06-07T07:19:21+00:00","dateModified":"2026-03-02T08:50:24+00:00","mainEntityOfPage":{"@id":"https:\/\/factorial.it\/blog\/ferie-non-godute-dimissioni-dipendenti\/"},"wordCount":1469,"publisher":{"@id":"https:\/\/factorial.it\/blog\/#organization"},"articleSection":["Gestione ferie e permessi"],"inLanguage":"it-IT"},{"@type":"WebPage","@id":"https:\/\/factorial.it\/blog\/ferie-non-godute-dimissioni-dipendenti\/","url":"https:\/\/factorial.it\/blog\/ferie-non-godute-dimissioni-dipendenti\/","name":"Ferie non godute dimissioni: tutti i dettagli del caso specifico","isPartOf":{"@id":"https:\/\/factorial.it\/blog\/#website"},"datePublished":"2022-06-07T07:19:21+00:00","dateModified":"2026-03-02T08:50:24+00:00","description":"Come funziona con le ferie non godute in caso di dimissioni? Scopri qui che fare quando ricevi una lettera di dimissioni con ferie non godute.","inLanguage":"it-IT","potentialAction":[{"@type":"ReadAction","target":["https:\/\/factorial.it\/blog\/ferie-non-godute-dimissioni-dipendenti\/"]}]},{"@type":"WebSite","@id":"https:\/\/factorial.it\/blog\/#website","url":"https:\/\/factorial.it\/blog\/","name":"Factorial","description":"","publisher":{"@id":"https:\/\/factorial.it\/blog\/#organization"},"potentialAction":[{"@type":"SearchAction","target":{"@type":"EntryPoint","urlTemplate":"https:\/\/factorial.it\/blog\/?s={search_term_string}"},"query-input":"required name=search_term_string"}],"inLanguage":"it-IT"},{"@type":"Organization","@id":"https:\/\/factorial.it\/blog\/#organization","name":"All-in-one business management software - Factorial","url":"https:\/\/factorial.it\/blog\/","logo":{"@type":"ImageObject","inLanguage":"it-IT","@id":"https:\/\/factorial.it\/blog\/#\/schema\/logo\/image\/","url":"https:\/\/factorial.it\/wp-content\/uploads\/2023\/07\/18155144\/factorial-logo.png","contentUrl":"https:\/\/factorial.it\/wp-content\/uploads\/2023\/07\/18155144\/factorial-logo.png","width":946,"height":880,"caption":"All-in-one business management software - Factorial"},"image":{"@id":"https:\/\/factorial.it\/blog\/#\/schema\/logo\/image\/"},"sameAs":["https:\/\/www.facebook.com\/people\/Factorial\/100064908455810\/","https:\/\/twitter.com\/factorialapp","https:\/\/www.linkedin.com\/company\/factorialhr","https:\/\/www.youtube.com\/@factorialmedia","https:\/\/www.instagram.com\/factorial\/#"]},{"@type":"Person","@id":"https:\/\/factorial.it\/blog\/#\/schema\/person\/ac8471f0a6f58cb4b97865bbf73db299","name":"Isotta Pieraccini","image":{"@type":"ImageObject","inLanguage":"it-IT","@id":"https:\/\/factorial.it\/blog\/#\/schema\/person\/image\/","url":"https:\/\/secure.gravatar.com\/avatar\/cfb1dbcf8432f8cf3beccc764cf5131f?s=96&d=identicon&r=g","contentUrl":"https:\/\/secure.gravatar.com\/avatar\/cfb1dbcf8432f8cf3beccc764cf5131f?s=96&d=identicon&r=g","caption":"Isotta Pieraccini"},"description":"Nata a Firenze e laureata in Scienze Politiche (in particolare Comunicazione e Giornalismo) all\u2019Universit\u00e0 di Firenze. In Italia ha lavorato come giornalista ed ha collaborato con diversi siti web dedicati al mondo dell\u2019attualit\u00e0. Adesso vive a Barcellona ed \u00e8 Content Marketing Specialist in Factorial e si occupa della creazione dei contenuti del mercato italiano. Il suo obiettivo \u00e8 dare supporto, ispirazione e strumenti per far conoscere il mondo delle Risorse Umane e far crescere la community HR. Ama l\u2019avventura, la natura, viaggiare e giocare a pallavolo.","sameAs":["https:\/\/www.linkedin.com\/in\/isotta-pieraccini\/"],"url":"https:\/\/factorial.it\/blog\/author\/isotta-pieraccini\/"}]}},"_links":{"self":[{"href":"https:\/\/factorial.it\/blog\/wp-json\/wp\/v2\/posts\/75266"}],"collection":[{"href":"https:\/\/factorial.it\/blog\/wp-json\/wp\/v2\/posts"}],"about":[{"href":"https:\/\/factorial.it\/blog\/wp-json\/wp\/v2\/types\/post"}],"author":[{"embeddable":true,"href":"https:\/\/factorial.it\/blog\/wp-json\/wp\/v2\/users\/85"}],"replies":[{"embeddable":true,"href":"https:\/\/factorial.it\/blog\/wp-json\/wp\/v2\/comments?post=75266"}],"version-history":[{"count":21,"href":"https:\/\/factorial.it\/blog\/wp-json\/wp\/v2\/posts\/75266\/revisions"}],"predecessor-version":[{"id":182335,"href":"https:\/\/factorial.it\/blog\/wp-json\/wp\/v2\/posts\/75266\/revisions\/182335"}],"wp:featuredmedia":[{"embeddable":true,"href":"https:\/\/factorial.it\/blog\/wp-json\/wp\/v2\/media\/75268"}],"wp:attachment":[{"href":"https:\/\/factorial.it\/blog\/wp-json\/wp\/v2\/media?parent=75266"}],"wp:term":[{"taxonomy":"category","embeddable":true,"href":"https:\/\/factorial.it\/blog\/wp-json\/wp\/v2\/categories?post=75266"},{"taxonomy":"post_tag","embeddable":true,"href":"https:\/\/factorial.it\/blog\/wp-json\/wp\/v2\/tags?post=75266"}],"curies":[{"name":"wp","href":"https:\/\/api.w.org\/{rel}","templated":true}]}}