{"id":71934,"date":"2022-04-22T15:10:07","date_gmt":"2022-04-22T13:10:07","guid":{"rendered":"https:\/\/factorialhr.com\/blog\/?p=71934"},"modified":"2026-02-27T13:10:28","modified_gmt":"2026-02-27T11:10:28","slug":"crisis-management-gestione","status":"publish","type":"post","link":"https:\/\/factorial.it\/blog\/crisis-management-gestione\/","title":{"rendered":"Crisis management: cos\u2019\u00e8 e come e come gestire le crisi nelle aziende"},"content":{"rendered":"<p><span style=\"font-weight: 400;\">Cos\u2019\u00e8 il <\/span><b>crisis management<\/b><span style=\"font-weight: 400;\">? Come pu\u00f2 aiutarti nella gestione delle situazioni pi\u00f9 complesse in azienda?<\/span><\/p>\n<p><span style=\"font-weight: 400;\">Quando si parla di <\/span><a href=\"https:\/\/factorial.it\/blog\/organizzazione-e-gestione-risorse-umane\/\"><span style=\"font-weight: 400;\">gestione delle risorse umane<\/span><\/a><span style=\"font-weight: 400;\">, gli imprevisti sono sempre dietro l\u2019angolo. Se il fatto che un <\/span><b>evento inaspettato <\/b><span style=\"font-weight: 400;\">possa creare scompiglio in azienda<\/span> <span style=\"font-weight: 400;\">o non ti senti sufficientemente preparato ad affrontare un\u2019<\/span><b>emergenza<\/b><span style=\"font-weight: 400;\">, probabilmente non hai ancora elaborato un <\/span><b>piano di crisis management<\/b><span style=\"font-weight: 400;\">.<\/span><b>\u00a0<\/b><\/p>\n<p><span style=\"font-weight: 400;\">In questo articolo vedremo nello specifico <\/span><b>cos\u2019\u00e8 il crisis management <\/b><span style=\"font-weight: 400;\">e cercheremo di dare alcuni esempi, scoprendo che un modello aziendale per la gestione delle situazioni di crisi pu\u00f2 rivelarsi un alleato indispensabile per fronteggiare una serie di eventi negativi che potrebbero destabilizzare la tua organizzazione.\u00a0<\/span><\/p>\n<div class=\"factorial-banner inline-banner banner-freebie category-gestione-del-personale\"\n    data-banner-id=\"173530\"\n    data-banner-type=\"freebie\"\n    data-category=\"Gestione del personale\">\n    <div class=\"banner-content\">\n        <div class=\"banner-text\">\n                            <h4>Modello di misurazione dei KPI aziendali in formato Excel<\/h4>\n            \n                            <p>Utilizza questo modello per monitorare i KPI della tua azienda nel tempo, verificando lo stato d\u2019avanzamento verso gli obiettivi aziendali.<\/p>\n            \n                            <a href=\"https:\/\/factorial.it\/modelli\/modello-kpi-gratuito\"\n                    class=\"factorial-cta-button not-prose freebie\" data-cta=\"freebie\" data-cta-position=\"inline-banner\">\n                    Scaricare gratis                <\/a>\n                    <\/div>\n\n        <div class=\"banner-image has-image\">\n            <img decoding=\"async\" src=\"https:\/\/factorialhr.com\/wp-content\/uploads\/2025\/11\/13183010\/modello-kpi-aziendali.png\" class=\"not-prose\" \/>\n        <\/div>\n    <\/div>\n<\/div>\n<h2><b>Crisis management: cos\u2019\u00e8 e cosa si intende\u00a0<\/b><\/h2>\n<p><span style=\"font-weight: 400;\">Per crisis management, in italiano \u201cgestione della crisi\u201d, intendiamo <\/span><b>l\u2019insieme di azioni che puoi intraprendere<\/b><span style=\"font-weight: 400;\"> per fronteggiare al meglio una crisi aziendale.\u00a0<\/span><\/p>\n<p><span style=\"font-weight: 400;\">Una <\/span><b>crisi aziendale<\/b><span style=\"font-weight: 400;\"> ha caratteristiche ben precise:\u00a0<\/span><\/p>\n<ul>\n<li style=\"font-weight: 400;\" aria-level=\"1\"><span style=\"font-weight: 400;\">Si verifica a seguito di un evento improvviso interno o esterno\u00a0<\/span><\/li>\n<li style=\"font-weight: 400;\" aria-level=\"1\"><span style=\"font-weight: 400;\">Crea preoccupazione e inquietudine tra i manager e i lavoratori<\/span><\/li>\n<li style=\"font-weight: 400;\" aria-level=\"1\"><span style=\"font-weight: 400;\">Mette a rischio la sopravvivenza dell\u2019organizzazione.\u00a0<\/span><\/li>\n<\/ul>\n<p><b>Alcune crisi sono inevitabili e totalmente imprevedibil<\/b><span style=\"font-weight: 400;\">i ma tante altre possono essere affrontate e gestite elaborando un efficace piano di emergenza.<\/span><\/p>\n<p><span style=\"font-weight: 400;\">Identificare per tempo le possibile minacce \u00e8 l\u2019obiettivo principale di un<\/span> <a href=\"https:\/\/factorial.it\/blog\/risk-management-aziende\/\"><span style=\"font-weight: 400;\">piano di risk management<\/span><\/a><span style=\"font-weight: 400;\">, sapere come fronteggiarle \u00e8 l\u2019obiettivo principale di un<\/span><b> piano di crisis management<\/b><span style=\"font-weight: 400;\">.<\/span><b>\u00a0<\/b><\/p>\n<p><span style=\"font-weight: 400;\">In questo modo \u00e8 possibile sia conoscere quali eventi negativi potrebbero colpire l\u2019azienda sia risolvere tempestivamente la situazione di crisi una volta verificatasi.\u00a0<\/span><\/p>\n<h2><b>Alcuni esempi di crisis management\u00a0<\/b><\/h2>\n<p><span style=\"font-weight: 400;\">Quali eventi improvvisi puoi trovarti a fronteggiare? Il primo pensiero probabilmente va alle comuni <\/span><b>crisi finanziarie<\/b><span style=\"font-weight: 400;\">, le quali sono le pi\u00f9 temute, tuttavia esistono tanti altri possibili scenari che andrebbero considerati.\u00a0<\/span><\/p>\n<h3><b>Crisi finanziaria<\/b><\/h3>\n<p><span style=\"font-weight: 400;\">Come anticipato, le crisi finanziarie sono tipicamente motivo di chiusura di un\u2019azienda. Queste infatti portano a:<\/span><\/p>\n<ul>\n<li style=\"font-weight: 400;\" aria-level=\"1\"><span style=\"font-weight: 400;\">Una diminuzione del fatturato\u00a0<\/span><\/li>\n<li style=\"font-weight: 400;\" aria-level=\"1\"><span style=\"font-weight: 400;\">La perdita di quote di mercato\u00a0<\/span><\/li>\n<li style=\"font-weight: 400;\" aria-level=\"1\"><span style=\"font-weight: 400;\">L\u2019impossibilit\u00e0 di pagare i debiti e gli stipendi.\u00a0<\/span><\/li>\n<\/ul>\n<p><span style=\"font-weight: 400;\">Queste crisi possono sia derivare da problemi interni, sia essere causate da eventi esterni. Solo negli ultimi 20 anni abbiamo fronteggiato <\/span><a href=\"https:\/\/www.istat.it\/storage\/rapporto-annuale\/2020\/capitolo4.pdf\" target=\"_blank\" rel=\"noopener\"><span style=\"font-weight: 400;\">importanti crisi o recessioni<\/span><\/a><span style=\"font-weight: 400;\">, nel biennio 2008 &#8211; 09, nel biennio 2011-13 e l\u2019ultima causata dal Covid-19.\u00a0<\/span><\/p>\n<h3><b>Crisi tecnologica<\/b><b>\u00a0<\/b><\/h3>\n<p><span style=\"font-weight: 400;\">Le organizzazioni sono oggi costantemente esposte a crisi di tipo tecnologico. Pensa alle possibilit\u00e0 che un<\/span><b> software o un hardware ormai obsoleto<\/b><span style=\"font-weight: 400;\"> possa improvvisamente smettere di funzionare, oppure il dover fronteggiare un attacco informatico.\u00a0<\/span><\/p>\n<p><span style=\"font-weight: 400;\">Le conseguenze potrebbero essere disastrose.\u00a0<\/span><span style=\"font-weight: 400;\">Qualsiasi tipo di problema che coinvolge la rete pu\u00f2 portare alla perdita di clienti e a reclami minando la <\/span><b>reputazione del brand<\/b>.<\/p>\n<p><img decoding=\"async\" class=\"alignnone size-full wp-image-71937\" src=\"https:\/\/factorial.it\/wp-content\/uploads\/2022\/04\/22125020\/crisis-management-azienda.jpg\" alt=\"crisis management azienda\" width=\"1112\" height=\"625\" srcset=\"https:\/\/factorial.it\/wp-content\/uploads\/2022\/04\/22125020\/crisis-management-azienda.jpg 1112w, https:\/\/factorial.it\/wp-content\/uploads\/2022\/04\/22125020\/crisis-management-azienda-300x169.jpg 300w, https:\/\/factorial.it\/wp-content\/uploads\/2022\/04\/22125020\/crisis-management-azienda-1024x576.jpg 1024w, https:\/\/factorial.it\/wp-content\/uploads\/2022\/04\/22125020\/crisis-management-azienda-768x432.jpg 768w, https:\/\/factorial.it\/wp-content\/uploads\/2022\/04\/22125020\/crisis-management-azienda-688x388.jpg 688w\" sizes=\"(max-width: 1112px) 100vw, 1112px\" \/><\/p>\n<h3><b>Crisi dei social media\u00a0<\/b><\/h3>\n<p><span style=\"font-weight: 400;\">La comunicazione oggi avviene in buona parte avvalendosi dei social media. L\u2019utilizzo di celebri piattaforme (Facebook, Instagram, Twitter) da un lato permette di acquisire nuovi clienti e farsi conoscere al mondo esterno, dall\u2019altro per\u00f2<\/span><b> espone a diversi rischi<\/b><span style=\"font-weight: 400;\">.<\/span><\/p>\n<p><span style=\"font-weight: 400;\">Non \u00e8 un caso che, sempre pi\u00f9, le organizzazioni elaborino piani di crisis management specifici per i social media.\u00a0<\/span><\/p>\n<p><span style=\"font-weight: 400;\">\u00c8 necessario infatti, rispettare molteplici<\/span><b> norme riguardanti la <\/b><a href=\"https:\/\/factorial.it\/blog\/gdpr-privacy\/\"><span style=\"font-weight: 400;\">privacy<\/span><\/a><b> e il diritto d\u2019autore<\/b><span style=\"font-weight: 400;\">, oltre che riuscire a evitare che un contenuto, magari pubblicato senza troppe attenzioni, possa rivelarsi controproducente per l\u2019attivit\u00e0.<\/span><\/p>\n<h3><b>Crisi del personale\u00a0<\/b><\/h3>\n<p><span style=\"font-weight: 400;\">Una corretta gestione delle risorse umane \u00e8 basilare. Episodi quali: <\/span><b>divulgazione di informazioni riservate<\/b><span style=\"font-weight: 400;\">, conflitti interni tra i lavoratori, azioni legali intraprese dal personale, episodi di<\/span> <a href=\"https:\/\/factorial.it\/blog\/mobbing-sul-lavoro\/\"><span style=\"font-weight: 400;\">mobbing<\/span><\/a><b> e bullismo<\/b><span style=\"font-weight: 400;\">, possono seriamente compromettere l\u2019immagine dell\u2019azienda.\u00a0<\/span><\/p>\n<p><span style=\"font-weight: 400;\">Anche in questo caso, \u00e8 indispensabile considerare tutti gli scenari, cos\u00ec da prevenire e gestire al meglio ogni possibile evento.\u00a0<\/span><\/p>\n<p><iframe title=\"MOBBING SUL LAVORO: come DIFENDERE i tuoi DIPENDENTI\" width=\"500\" height=\"281\" src=\"https:\/\/www.youtube.com\/embed\/8nSJWpQcGkE?feature=oembed\" frameborder=\"0\" allow=\"accelerometer; autoplay; clipboard-write; encrypted-media; gyroscope; picture-in-picture; web-share\" referrerpolicy=\"strict-origin-when-cross-origin\" allowfullscreen><\/iframe><\/p>\n<h3><b>Crisi organizzativa\u00a0<\/b><\/h3>\n<p><span style=\"font-weight: 400;\">La crisi organizzativa si verifica quando si annoverano<\/span><b> improvvisi cali del fatturato<\/b><span style=\"font-weight: 400;\"> causati da un crescente numero di clienti insoddisfatti.\u00a0<\/span><\/p>\n<p><span style=\"font-weight: 400;\">Tipicamente tale crisi sorge quando i vertici aziendali, pur di assicurarsi un guadagno nel breve periodo, tendono a nascondere informazioni rilevanti oltre che curarsi poco: dei clienti, del rispetto dei valori aziendali, degli interessi delle parti coinvolte.\u00a0<\/span><\/p>\n<h3><b>Crisi per concorrenza sleale\u00a0<\/b><\/h3>\n<p><span style=\"font-weight: 400;\">Come ben sai <\/span><b>non esiste settore oggi esente da competizione<\/b><span style=\"font-weight: 400;\">.<\/span> <span style=\"font-weight: 400;\">Talvolta un concorrente pu\u00f2 essere disposto a tutto pur di avvantaggiarsi rispetto all\u2019altro, anche a intraprendere <\/span><b>azioni di concorrenza sleale<\/b><span style=\"font-weight: 400;\">: screditare l\u2019altro, manomettere i prodotti, compromettere il funzionamento delle reti informatiche.<\/span><\/p>\n<p><span style=\"font-weight: 400;\">Quando si verificano uno o pi\u00f9 di questi eventi \u00e8 indispensabile disporre di un piano di crisis management efficace e studiato in ogni minimo dettaglio, onde evitare che la pratica sleale del concorrente possa portare al fallimento dell\u2019attivit\u00e0.\u00a0<\/span><\/p>\n<p><span style=\"font-weight: 400;\">\ud83d\udc49 <\/span><i><span style=\"font-weight: 400;\">Leggi anche \u201c<\/span><\/i><a href=\"https:\/\/factorial.it\/blog\/whistleblowing-normativa\/\"><b><i>Whistleblowing: ultima novit\u00e0 2023 e tutti i dettagli per la tua azienda<\/i><\/b><\/a><i><span style=\"font-weight: 400;\">\u201d.<\/span><\/i><\/p>\n<h3><b>Crisi naturali\u00a0<\/b><\/h3>\n<p><span style=\"font-weight: 400;\">Le crisi naturali sono impossibili da prevedere. Terremoti, inondazioni, incendi, possono essere causa del <\/span><b>fallimento della tua azienda<\/b><span style=\"font-weight: 400;\">.<\/span><\/p>\n<p><span style=\"font-weight: 400;\">\u00c8 bene considerare che tali eventi non sono poi cos\u00ec remoti. Potresti pensare di sottoscrivere un piano con una compagnia assicurativa come anche di migliorare le infrastrutture rendendole meno vulnerabili.\u00a0\u00a0<\/span><\/p>\n<p><span style=\"font-weight: 400;\">\ud83d\udc49 <\/span><i><span style=\"font-weight: 400;\">Leggi anche \u201c<\/span><\/i><a href=\"https:\/\/factorial.it\/blog\/legge-sicurezza-lavoro\/\"><b><i>Salute e sicurezza sul lavoro<\/i><\/b><\/a><i><span style=\"font-weight: 400;\">: normativa e come implementarla\u201d.<\/span><\/i><\/p>\n<h2><b>Come elaborare un piano di crisis management?\u00a0<\/b><\/h2>\n<p><span style=\"font-weight: 400;\">Adoperarsi prima che si verifichi una crisi in azienda \u00e8 essenziale per affrontare in modo corretto gli eventi.\u00a0<\/span><\/p>\n<p><span style=\"font-weight: 400;\">Ma come prepararsi al meglio? Quali gli step da seguire? Ci\u00f2 di cui hai bisogno \u00e8 elaborare un piano di gestione delle crisi o<\/span><b> Crisis Management Plan (CMP)<\/b><span style=\"font-weight: 400;\">.<\/span><\/p>\n<h3><b>Sappi che pu\u00f2 succedere\u00a0<\/b><\/h3>\n<p><span style=\"font-weight: 400;\">Il termine crisi non dovrebbe esserti nuovo. Stiamo vivendo in un periodo di forti stravolgimenti: il progresso tecnologico, cambiamenti a livello politico, la recente pandemia. Come leader dovresti avere la consapevolezza che ormai tutto pu\u00f2 succedere.\u00a0<\/span><\/p>\n<h3><b>Valuta tutti gli scenari<\/b><\/h3>\n<p><span style=\"font-weight: 400;\">La pianificazione di un piano di crisis management richiede un\u2019analisi approfondita volta a individuare <\/span><b>tutti i possibili eventi<\/b><span style=\"font-weight: 400;\"> che potrebbero mettere in difficolt\u00e0 la tua organizzazione. Ad esempio, chiediti e cerca di dare risposta a cosa potrebbe succedere in caso di:\u00a0<\/span><\/p>\n<ul>\n<li style=\"font-weight: 400;\" aria-level=\"1\"><span style=\"font-weight: 400;\">Attacco informatico\u00a0<\/span><\/li>\n<li style=\"font-weight: 400;\" aria-level=\"1\"><span style=\"font-weight: 400;\">Perdita del cliente pi\u00f9 importante<\/span><\/li>\n<li style=\"font-weight: 400;\" aria-level=\"1\"><span style=\"font-weight: 400;\">Guasto a un costoso macchinario\u00a0<\/span><\/li>\n<li style=\"font-weight: 400;\" aria-level=\"1\"><span style=\"font-weight: 400;\">Morte di un manager o del CEO\u00a0<\/span><\/li>\n<li style=\"font-weight: 400;\" aria-level=\"1\"><span style=\"font-weight: 400;\">Disastro naturale<\/span><\/li>\n<li style=\"font-weight: 400;\" aria-level=\"1\"><span style=\"font-weight: 400;\">Improvvisa mancanza di materie prime.<\/span><\/li>\n<\/ul>\n<h3><b>Determina l\u2019impatto sul business\u00a0<\/b><\/h3>\n<p><span style=\"font-weight: 400;\">Valuta attentamente come ogni evento impatta sul tuo business. Dovresti riuscire a<\/span><b> tradurre in numeri tutti gli scenari finora analizzati<\/b><span style=\"font-weight: 400;\">.<\/span><b>\u00a0<\/b><\/p>\n<p><span style=\"font-weight: 400;\">Ad esempio, sapresti quantificare oggi il calo del fatturato derivante dalla perdita del cliente pi\u00f9 importante? Quale sarebbe il danno d\u2019immagine ed economico causato da un attacco informatico?<\/span><\/p>\n<p><span style=\"font-weight: 400;\">\u00c8 importante in questa fase non solo riuscire ad avere ben chiaro l\u2019impatto a livello economico ma anche sapere quali sono le reali possibilit\u00e0 che un determinato evento possa verificarsi.\u00a0<\/span><\/p>\n<div class=\"factorial-banner inline-banner banner-freebie category-gestione-del-personale\"\n    data-banner-id=\"173530\"\n    data-banner-type=\"freebie\"\n    data-category=\"Gestione del personale\">\n    <div class=\"banner-content\">\n        <div class=\"banner-text\">\n                            <h4>Modello di misurazione dei KPI aziendali in formato Excel<\/h4>\n            \n                            <p>Utilizza questo modello per monitorare i KPI della tua azienda nel tempo, verificando lo stato d\u2019avanzamento verso gli obiettivi aziendali.<\/p>\n            \n                            <a href=\"https:\/\/factorial.it\/modelli\/modello-kpi-gratuito\"\n                    class=\"factorial-cta-button not-prose freebie\" data-cta=\"freebie\" data-cta-position=\"inline-banner\">\n                    Scaricare gratis                <\/a>\n                    <\/div>\n\n        <div class=\"banner-image has-image\">\n            <img decoding=\"async\" src=\"https:\/\/factorialhr.com\/wp-content\/uploads\/2025\/11\/13183010\/modello-kpi-aziendali.png\" class=\"not-prose\" \/>\n        <\/div>\n    <\/div>\n<\/div>\n<h3><b>Crisis management team: individua le persone giuste\u00a0<\/b><\/h3>\n<p><span style=\"font-weight: 400;\">Chi si occuper\u00e0 di far fronte alla crisi? Potresti pensare di creare un <\/span><b>crisis management team <\/b><span style=\"font-weight: 400;\">pronto ad attivarsi in caso d\u2019emergenza.<\/span><\/p>\n<p><span style=\"font-weight: 400;\">La ricerca andrebbe focalizzata tra i dirigenti e i quadri che pi\u00f9 negli anni hanno dimostrato <\/span><b>spiccate capacit\u00e0 in problem solving<\/b><span style=\"font-weight: 400;\">, lavoro sotto stress e capacit\u00e0 organizzative &#8211; <\/span><a href=\"https:\/\/factorial.it\/blog\/soft-skills-significato\/\"><span style=\"font-weight: 400;\">soft skills indispensabili<\/span><\/a><span style=\"font-weight: 400;\"> per far fronte al delicato momento.\u00a0<\/span><\/p>\n<h3><b>Definisci un piano d\u2019azione\u00a0<\/b><\/h3>\n<p><span style=\"font-weight: 400;\">Ora che hai definito tutti i possibili scenari che potrebbero causare una crisi in azienda e creato un team di lavoro ad hoc, dovresti definire un piano d\u2019azione.\u00a0<\/span><\/p>\n<p><span style=\"font-weight: 400;\">In altri termini dovresti avere un<\/span><b> protocollo<\/b><span style=\"font-weight: 400;\"> pronto ad attivarsi immediatamente dopo l\u2019evento, cos\u00ec da evitare che il business possa arrestarsi.\u00a0<\/span><\/p>\n<h3><b>Continua ad aggiornare il piano\u00a0<\/b><\/h3>\n<p><span style=\"font-weight: 400;\">Il lavoro non finisce una volta riportato nero su bianco un piano di crisis management.<\/span><\/p>\n<p><span style=\"font-weight: 400;\">\u00c8 fondamentale rivederlo e aggiornarlo ogni qual volta noti nuove possibili minacce.\u00a0<\/span><\/p>\n<p><span style=\"font-weight: 400;\">Ad esempio, assumere nuovi dipendenti, implementare nuove tecnologie, espandersi verso nuovi mercati, sono solo alcuni esempi di cambiamenti che potrebbero far insorgere nuovi rischi e problematiche di cui tenere conto.\u00a0<\/span><\/p>\n<h2><b>Crisis management vs risk management. Quali sono le differenze?\u00a0<\/b><\/h2>\n<p><span style=\"font-weight: 400;\">Vi sono alcune differenze sostanziali tra crisis management (gestione della crisi) e risk management (gestione del rischio).<\/span><\/p>\n<p><span style=\"font-weight: 400;\">La prima, come abbiamo visto, comprende tutte le azioni che possono essere intraprese una volta sopraggiunta la crisi. Si tratta di <\/span><b>azioni di tipo reattivo<\/b><span style=\"font-weight: 400;\">.<\/span><\/p>\n<p><span style=\"font-weight: 400;\">La seconda invece, riguarda tutte le <\/span><b>azioni preventive<\/b><span style=\"font-weight: 400;\"> da poter adottare volte a evitare che la crisi si verifichi.<\/span><\/p>\n<p><span style=\"font-weight: 400;\">I due piani sono complementari tra loro. Le crisi infatti possono essere solo in parte <\/span><b>previste e mitigate<\/b><span style=\"font-weight: 400;\"> grazie con un&#8217;azione preventiva (piano di risk management). Bisogna considerare infatti che esistono numerosi eventi inevitabili che possono essere affrontati e risolti in breve tempo solo grazie a un piano di crisis management.\u00a0<\/span><\/p>\n<p><span style=\"font-weight: 400;\">Ad esempio, una <\/span><b>crisi economica<\/b><span style=\"font-weight: 400;\"> a livello globale e un conseguente calo della domanda colpisce indistintamente tutte le organizzazioni. Similmente una crisi naturale, sebbene possa essere mitigata migliorando le infrastrutture, causer\u00e0 comunque alcuni problemi ai quali dover porre rimedio.\u00a0<\/span><\/p>\n<h2><b>Crisis management: le conclusioni\u00a0<\/b><\/h2>\n<p><span style=\"font-weight: 400;\">In questo articolo abbiamo evidenziato come un piano di crisis management unito a un corretto piano di risk management possono effettivamente garantire alla tua attivit\u00e0 non solo di <\/span><b>limitare gli effetti negativi di un\u2019improvvisa crisi <\/b><span style=\"font-weight: 400;\">ma anche di fronteggiarla al meglio.\u00a0<\/span><\/p>\n<p><span style=\"font-weight: 400;\">Le organizzazioni oggi devono adoperarsi per prevedere e gestire i momenti di crisi, i quali, colpiscono indistintamente chiunque, ma causano il fallimento delle sole organizzazioni meno preparate e resilienti ai cambiamenti.<\/span><\/p>\n<div class=\"factorial-banner inline-banner banner-demo category-gestione-del-personale\"\n    data-banner-id=\"170646\"\n    data-banner-type=\"demo\"\n    data-category=\"Gestione del personale\">\n    <div class=\"banner-content\">\n        <div class=\"banner-text\">\n                            <h4>Digitalizza al 100% la gestione aziendale in pochi semplici passi con Factorial<\/h4>\n            \n            \n                            <a href=\"https:\/\/factorial.it\/richiedi-demo\"\n                    class=\"factorial-cta-button not-prose demo btn-brand\" data-cta=\"demo\" data-cta-position=\"inline-banner\">\n                    Richiedi una demo                <\/a>\n                    <\/div>\n\n        <div class=\"banner-image no-image\">\n            <img decoding=\"async\" src=\"https:\/\/factorial.it\/blog\/app\/plugins\/factorial-utilities\/assets\/images\/banners\/inline\/backgrounds\/default_image.svg\" class=\"not-prose\" \/>\n        <\/div>\n    <\/div>\n<\/div>\n","protected":false},"excerpt":{"rendered":"<p>Cos\u2019\u00e8 il crisis management? Come pu\u00f2 aiutarti nella gestione delle situazioni pi\u00f9 complesse in azienda? Quando si parla di gestione delle risorse umane, gli imprevisti sono sempre dietro l\u2019angolo. Se il fatto che un evento inaspettato possa creare scompiglio in azienda o non ti senti sufficientemente preparato ad affrontare un\u2019emergenza, probabilmente non hai ancora elaborato<a href=\"https:\/\/factorial.it\/blog\/crisis-management-gestione\/\" class=\"read-more\"> [&#8230;]<\/a><\/p>\n","protected":false},"author":85,"featured_media":71938,"comment_status":"closed","ping_status":"closed","sticky":false,"template":"","format":"standard","meta":{"_acf_changed":false,"footnotes":""},"categories":[403],"tags":[],"class_list":["post-71934","post","type-post","status-publish","format-standard","has-post-thumbnail","hentry","category-gestione-del-personale"],"acf":{"topics":"talent"},"yoast_head":"<!-- This site is optimized with the Yoast SEO Premium plugin v21.5 (Yoast SEO v21.9.1) - https:\/\/yoast.com\/wordpress\/plugins\/seo\/ -->\n<title>Crisis management: cos\u2019\u00e8 e come e come gestire le crisi nelle aziende<\/title>\n<meta name=\"description\" content=\"Cos\u2019\u00e8 il crisis management, come gestire le situazioni di crisi al meglio e come far fronte a eventi negativi con ripercussioni in azienda.\" \/>\n<meta name=\"robots\" content=\"index, follow, max-snippet:-1, max-image-preview:large, max-video-preview:-1\" \/>\n<link rel=\"canonical\" href=\"https:\/\/factorial.it\/blog\/crisis-management-gestione\/\" \/>\n<meta property=\"og:locale\" content=\"it_IT\" \/>\n<meta property=\"og:type\" content=\"article\" \/>\n<meta property=\"og:title\" content=\"Crisis management: cos\u2019\u00e8 e come e come gestire le crisi nelle aziende\" \/>\n<meta property=\"og:description\" content=\"Cos\u2019\u00e8 il crisis management, come gestire le situazioni di crisi al meglio e come far fronte a eventi negativi con ripercussioni in azienda.\" \/>\n<meta property=\"og:url\" content=\"https:\/\/factorial.it\/blog\/crisis-management-gestione\/\" \/>\n<meta property=\"og:site_name\" content=\"Factorial\" \/>\n<meta property=\"article:publisher\" content=\"https:\/\/www.facebook.com\/people\/Factorial\/100064908455810\/\" \/>\n<meta property=\"article:published_time\" content=\"2022-04-22T13:10:07+00:00\" \/>\n<meta property=\"article:modified_time\" content=\"2026-02-27T11:10:28+00:00\" \/>\n<meta property=\"og:image\" content=\"https:\/\/factorial.it\/wp-content\/uploads\/2022\/04\/22125025\/crisis-management.jpg\" \/>\n\t<meta property=\"og:image:width\" content=\"1112\" \/>\n\t<meta property=\"og:image:height\" content=\"625\" \/>\n\t<meta property=\"og:image:type\" content=\"image\/jpeg\" \/>\n<meta name=\"author\" content=\"Isotta Pieraccini\" \/>\n<meta name=\"twitter:card\" content=\"summary_large_image\" \/>\n<meta name=\"twitter:creator\" content=\"@factorialapp\" \/>\n<meta name=\"twitter:site\" content=\"@factorialapp\" \/>\n<meta name=\"twitter:label1\" content=\"Written by\" \/>\n\t<meta name=\"twitter:data1\" content=\"Isotta Pieraccini\" \/>\n\t<meta name=\"twitter:label2\" content=\"Est. reading time\" \/>\n\t<meta name=\"twitter:data2\" content=\"9 minuti\" \/>\n<script type=\"application\/ld+json\" class=\"yoast-schema-graph\">{\"@context\":\"https:\/\/schema.org\",\"@graph\":[{\"@type\":\"Article\",\"@id\":\"https:\/\/factorial.it\/blog\/crisis-management-gestione\/#article\",\"isPartOf\":{\"@id\":\"https:\/\/factorial.it\/blog\/crisis-management-gestione\/\"},\"author\":{\"name\":\"Isotta Pieraccini\",\"@id\":\"https:\/\/factorial.it\/blog\/#\/schema\/person\/ac8471f0a6f58cb4b97865bbf73db299\"},\"headline\":\"Crisis management: cos\u2019\u00e8 e come e come gestire le crisi nelle aziende\",\"datePublished\":\"2022-04-22T13:10:07+00:00\",\"dateModified\":\"2026-02-27T11:10:28+00:00\",\"mainEntityOfPage\":{\"@id\":\"https:\/\/factorial.it\/blog\/crisis-management-gestione\/\"},\"wordCount\":1486,\"publisher\":{\"@id\":\"https:\/\/factorial.it\/blog\/#organization\"},\"articleSection\":[\"Gestione del personale\"],\"inLanguage\":\"it-IT\"},{\"@type\":\"WebPage\",\"@id\":\"https:\/\/factorial.it\/blog\/crisis-management-gestione\/\",\"url\":\"https:\/\/factorial.it\/blog\/crisis-management-gestione\/\",\"name\":\"Crisis management: cos\u2019\u00e8 e come e come gestire le crisi nelle aziende\",\"isPartOf\":{\"@id\":\"https:\/\/factorial.it\/blog\/#website\"},\"datePublished\":\"2022-04-22T13:10:07+00:00\",\"dateModified\":\"2026-02-27T11:10:28+00:00\",\"description\":\"Cos\u2019\u00e8 il crisis management, come gestire le situazioni di crisi al meglio e come far fronte a eventi negativi con ripercussioni in azienda.\",\"inLanguage\":\"it-IT\",\"potentialAction\":[{\"@type\":\"ReadAction\",\"target\":[\"https:\/\/factorial.it\/blog\/crisis-management-gestione\/\"]}]},{\"@type\":\"WebSite\",\"@id\":\"https:\/\/factorial.it\/blog\/#website\",\"url\":\"https:\/\/factorial.it\/blog\/\",\"name\":\"Factorial\",\"description\":\"\",\"publisher\":{\"@id\":\"https:\/\/factorial.it\/blog\/#organization\"},\"potentialAction\":[{\"@type\":\"SearchAction\",\"target\":{\"@type\":\"EntryPoint\",\"urlTemplate\":\"https:\/\/factorial.it\/blog\/?s={search_term_string}\"},\"query-input\":\"required name=search_term_string\"}],\"inLanguage\":\"it-IT\"},{\"@type\":\"Organization\",\"@id\":\"https:\/\/factorial.it\/blog\/#organization\",\"name\":\"All-in-one business management software - Factorial\",\"url\":\"https:\/\/factorial.it\/blog\/\",\"logo\":{\"@type\":\"ImageObject\",\"inLanguage\":\"it-IT\",\"@id\":\"https:\/\/factorial.it\/blog\/#\/schema\/logo\/image\/\",\"url\":\"https:\/\/factorial.it\/wp-content\/uploads\/2023\/07\/18155144\/factorial-logo.png\",\"contentUrl\":\"https:\/\/factorial.it\/wp-content\/uploads\/2023\/07\/18155144\/factorial-logo.png\",\"width\":946,\"height\":880,\"caption\":\"All-in-one business management software - Factorial\"},\"image\":{\"@id\":\"https:\/\/factorial.it\/blog\/#\/schema\/logo\/image\/\"},\"sameAs\":[\"https:\/\/www.facebook.com\/people\/Factorial\/100064908455810\/\",\"https:\/\/twitter.com\/factorialapp\",\"https:\/\/www.linkedin.com\/company\/factorialhr\",\"https:\/\/www.youtube.com\/@factorialmedia\",\"https:\/\/www.instagram.com\/factorial\/#\"]},{\"@type\":\"Person\",\"@id\":\"https:\/\/factorial.it\/blog\/#\/schema\/person\/ac8471f0a6f58cb4b97865bbf73db299\",\"name\":\"Isotta Pieraccini\",\"image\":{\"@type\":\"ImageObject\",\"inLanguage\":\"it-IT\",\"@id\":\"https:\/\/factorial.it\/blog\/#\/schema\/person\/image\/\",\"url\":\"https:\/\/secure.gravatar.com\/avatar\/cfb1dbcf8432f8cf3beccc764cf5131f?s=96&d=identicon&r=g\",\"contentUrl\":\"https:\/\/secure.gravatar.com\/avatar\/cfb1dbcf8432f8cf3beccc764cf5131f?s=96&d=identicon&r=g\",\"caption\":\"Isotta Pieraccini\"},\"description\":\"Nata a Firenze e laureata in Scienze Politiche (in particolare Comunicazione e Giornalismo) all\u2019Universit\u00e0 di Firenze. In Italia ha lavorato come giornalista ed ha collaborato con diversi siti web dedicati al mondo dell\u2019attualit\u00e0. Adesso vive a Barcellona ed \u00e8 Content Marketing Specialist in Factorial e si occupa della creazione dei contenuti del mercato italiano. Il suo obiettivo \u00e8 dare supporto, ispirazione e strumenti per far conoscere il mondo delle Risorse Umane e far crescere la community HR. Ama l\u2019avventura, la natura, viaggiare e giocare a pallavolo.\",\"sameAs\":[\"https:\/\/www.linkedin.com\/in\/isotta-pieraccini\/\"],\"url\":\"https:\/\/factorial.it\/blog\/author\/isotta-pieraccini\/\"}]}<\/script>\n<!-- \/ Yoast SEO Premium plugin. -->","yoast_head_json":{"title":"Crisis management: cos\u2019\u00e8 e come e come gestire le crisi nelle aziende","description":"Cos\u2019\u00e8 il crisis management, come gestire le situazioni di crisi al meglio e come far fronte a eventi negativi con ripercussioni in azienda.","robots":{"index":"index","follow":"follow","max-snippet":"max-snippet:-1","max-image-preview":"max-image-preview:large","max-video-preview":"max-video-preview:-1"},"canonical":"https:\/\/factorial.it\/blog\/crisis-management-gestione\/","og_locale":"it_IT","og_type":"article","og_title":"Crisis management: cos\u2019\u00e8 e come e come gestire le crisi nelle aziende","og_description":"Cos\u2019\u00e8 il crisis management, come gestire le situazioni di crisi al meglio e come far fronte a eventi negativi con ripercussioni in azienda.","og_url":"https:\/\/factorial.it\/blog\/crisis-management-gestione\/","og_site_name":"Factorial","article_publisher":"https:\/\/www.facebook.com\/people\/Factorial\/100064908455810\/","article_published_time":"2022-04-22T13:10:07+00:00","article_modified_time":"2026-02-27T11:10:28+00:00","og_image":[{"width":1112,"height":625,"url":"https:\/\/factorial.it\/wp-content\/uploads\/2022\/04\/22125025\/crisis-management.jpg","type":"image\/jpeg"}],"author":"Isotta Pieraccini","twitter_card":"summary_large_image","twitter_creator":"@factorialapp","twitter_site":"@factorialapp","twitter_misc":{"Written by":"Isotta Pieraccini","Est. reading time":"9 minuti"},"schema":{"@context":"https:\/\/schema.org","@graph":[{"@type":"Article","@id":"https:\/\/factorial.it\/blog\/crisis-management-gestione\/#article","isPartOf":{"@id":"https:\/\/factorial.it\/blog\/crisis-management-gestione\/"},"author":{"name":"Isotta Pieraccini","@id":"https:\/\/factorial.it\/blog\/#\/schema\/person\/ac8471f0a6f58cb4b97865bbf73db299"},"headline":"Crisis management: cos\u2019\u00e8 e come e come gestire le crisi nelle aziende","datePublished":"2022-04-22T13:10:07+00:00","dateModified":"2026-02-27T11:10:28+00:00","mainEntityOfPage":{"@id":"https:\/\/factorial.it\/blog\/crisis-management-gestione\/"},"wordCount":1486,"publisher":{"@id":"https:\/\/factorial.it\/blog\/#organization"},"articleSection":["Gestione del personale"],"inLanguage":"it-IT"},{"@type":"WebPage","@id":"https:\/\/factorial.it\/blog\/crisis-management-gestione\/","url":"https:\/\/factorial.it\/blog\/crisis-management-gestione\/","name":"Crisis management: cos\u2019\u00e8 e come e come gestire le crisi nelle aziende","isPartOf":{"@id":"https:\/\/factorial.it\/blog\/#website"},"datePublished":"2022-04-22T13:10:07+00:00","dateModified":"2026-02-27T11:10:28+00:00","description":"Cos\u2019\u00e8 il crisis management, come gestire le situazioni di crisi al meglio e come far fronte a eventi negativi con ripercussioni in azienda.","inLanguage":"it-IT","potentialAction":[{"@type":"ReadAction","target":["https:\/\/factorial.it\/blog\/crisis-management-gestione\/"]}]},{"@type":"WebSite","@id":"https:\/\/factorial.it\/blog\/#website","url":"https:\/\/factorial.it\/blog\/","name":"Factorial","description":"","publisher":{"@id":"https:\/\/factorial.it\/blog\/#organization"},"potentialAction":[{"@type":"SearchAction","target":{"@type":"EntryPoint","urlTemplate":"https:\/\/factorial.it\/blog\/?s={search_term_string}"},"query-input":"required name=search_term_string"}],"inLanguage":"it-IT"},{"@type":"Organization","@id":"https:\/\/factorial.it\/blog\/#organization","name":"All-in-one business management software - Factorial","url":"https:\/\/factorial.it\/blog\/","logo":{"@type":"ImageObject","inLanguage":"it-IT","@id":"https:\/\/factorial.it\/blog\/#\/schema\/logo\/image\/","url":"https:\/\/factorial.it\/wp-content\/uploads\/2023\/07\/18155144\/factorial-logo.png","contentUrl":"https:\/\/factorial.it\/wp-content\/uploads\/2023\/07\/18155144\/factorial-logo.png","width":946,"height":880,"caption":"All-in-one business management software - Factorial"},"image":{"@id":"https:\/\/factorial.it\/blog\/#\/schema\/logo\/image\/"},"sameAs":["https:\/\/www.facebook.com\/people\/Factorial\/100064908455810\/","https:\/\/twitter.com\/factorialapp","https:\/\/www.linkedin.com\/company\/factorialhr","https:\/\/www.youtube.com\/@factorialmedia","https:\/\/www.instagram.com\/factorial\/#"]},{"@type":"Person","@id":"https:\/\/factorial.it\/blog\/#\/schema\/person\/ac8471f0a6f58cb4b97865bbf73db299","name":"Isotta Pieraccini","image":{"@type":"ImageObject","inLanguage":"it-IT","@id":"https:\/\/factorial.it\/blog\/#\/schema\/person\/image\/","url":"https:\/\/secure.gravatar.com\/avatar\/cfb1dbcf8432f8cf3beccc764cf5131f?s=96&d=identicon&r=g","contentUrl":"https:\/\/secure.gravatar.com\/avatar\/cfb1dbcf8432f8cf3beccc764cf5131f?s=96&d=identicon&r=g","caption":"Isotta Pieraccini"},"description":"Nata a Firenze e laureata in Scienze Politiche (in particolare Comunicazione e Giornalismo) all\u2019Universit\u00e0 di Firenze. In Italia ha lavorato come giornalista ed ha collaborato con diversi siti web dedicati al mondo dell\u2019attualit\u00e0. Adesso vive a Barcellona ed \u00e8 Content Marketing Specialist in Factorial e si occupa della creazione dei contenuti del mercato italiano. Il suo obiettivo \u00e8 dare supporto, ispirazione e strumenti per far conoscere il mondo delle Risorse Umane e far crescere la community HR. Ama l\u2019avventura, la natura, viaggiare e giocare a pallavolo.","sameAs":["https:\/\/www.linkedin.com\/in\/isotta-pieraccini\/"],"url":"https:\/\/factorial.it\/blog\/author\/isotta-pieraccini\/"}]}},"_links":{"self":[{"href":"https:\/\/factorial.it\/blog\/wp-json\/wp\/v2\/posts\/71934"}],"collection":[{"href":"https:\/\/factorial.it\/blog\/wp-json\/wp\/v2\/posts"}],"about":[{"href":"https:\/\/factorial.it\/blog\/wp-json\/wp\/v2\/types\/post"}],"author":[{"embeddable":true,"href":"https:\/\/factorial.it\/blog\/wp-json\/wp\/v2\/users\/85"}],"replies":[{"embeddable":true,"href":"https:\/\/factorial.it\/blog\/wp-json\/wp\/v2\/comments?post=71934"}],"version-history":[{"count":13,"href":"https:\/\/factorial.it\/blog\/wp-json\/wp\/v2\/posts\/71934\/revisions"}],"predecessor-version":[{"id":182228,"href":"https:\/\/factorial.it\/blog\/wp-json\/wp\/v2\/posts\/71934\/revisions\/182228"}],"wp:featuredmedia":[{"embeddable":true,"href":"https:\/\/factorial.it\/blog\/wp-json\/wp\/v2\/media\/71938"}],"wp:attachment":[{"href":"https:\/\/factorial.it\/blog\/wp-json\/wp\/v2\/media?parent=71934"}],"wp:term":[{"taxonomy":"category","embeddable":true,"href":"https:\/\/factorial.it\/blog\/wp-json\/wp\/v2\/categories?post=71934"},{"taxonomy":"post_tag","embeddable":true,"href":"https:\/\/factorial.it\/blog\/wp-json\/wp\/v2\/tags?post=71934"}],"curies":[{"name":"wp","href":"https:\/\/api.w.org\/{rel}","templated":true}]}}